{"id":147,"date":"2013-02-04T15:54:00","date_gmt":"2013-02-04T14:54:00","guid":{"rendered":"http:\/\/enghien.ecolo.me\/2013\/02\/04\/olivier-saint-amand-notre-depute\/"},"modified":"2016-12-16T07:34:14","modified_gmt":"2016-12-16T06:34:14","slug":"olivier-saint-amand-notre-depute","status":"publish","type":"post","link":"https:\/\/enghien.ecolo.be\/nl\/2013\/02\/04\/olivier-saint-amand-notre-depute\/","title":{"rendered":"Olivier Saint-Amand, notre Bourgmestre"},"content":{"rendered":"<p class=\"post_excerpt\">\n<p>En octobre 2012, les Enghiennois ont largement pl\u00e9biscit\u00e9 ECOLO ce qui a permis \u00e0 Olivier Saint-Amand d&#8217;endosser le costume du Bourgmestre de notre ville.<\/p>\n<p><!--more--><br \/>\n<img loading=\"lazy\" decoding=\"async\" class=\" alignleft size-full wp-image-146\" src=\"http:\/\/enghien.ecolo.me\/wp-content\/uploads\/sites\/462\/2013\/02\/jpg_Olivierbis.jpg\" alt=\"Olivierbis.jpg\" align=\"left\" width=\"1476\" height=\"1796\" srcset=\"https:\/\/enghien.ecolo.be\/wp-content\/uploads\/sites\/462\/2013\/02\/jpg_Olivierbis.jpg 1476w, https:\/\/enghien.ecolo.be\/wp-content\/uploads\/sites\/462\/2013\/02\/jpg_Olivierbis-247x300.jpg 247w, https:\/\/enghien.ecolo.be\/wp-content\/uploads\/sites\/462\/2013\/02\/jpg_Olivierbis-768x935.jpg 768w, https:\/\/enghien.ecolo.be\/wp-content\/uploads\/sites\/462\/2013\/02\/jpg_Olivierbis-842x1024.jpg 842w, https:\/\/enghien.ecolo.be\/wp-content\/uploads\/sites\/462\/2013\/02\/jpg_Olivierbis-1080x1314.jpg 1080w\" sizes=\"(max-width: 1476px) 100vw, 1476px\" \/><\/p>\n<p>En 1999, Olivier Saint-Amand est fortement actif au sein du secteur associatif sur Enghien. Son exp\u00e9rience l&#8217;am\u00e8ne \u00e0 la r\u00e9flexion que la politique est un levier important pour porter les projets des citoyens et du monde associatif.<\/p>\n<p>Avec d&#8217;autres Enghiennois(es) engag\u00e9s dans telle ou telle association, tel ou tel projet, ils fondent la locale ECOLO d&#8217;Enghien et se pr\u00e9sentent aux \u00e9lections communales de 2000. Avec succ\u00e8s puisqu&#8217;il entre en majorit\u00e9, comme Echevin des Travaux, avec le MR et le PS. Rebelote en 2006 o\u00f9 Ecolo compte maintenant 3 conseillers communaux dont deux \u00e9chevins. Josiane Gillaer devenant la coll\u00e8gue d&#8217;Olivier au sein du Coll\u00e8ge communal.<\/p>\n<p>L&#8217;action d&#8217;Olivier s&#8217;est port\u00e9e sur diff\u00e9rentes th\u00e9matiques : travaux publics, environnement, mobilit\u00e9, culture mais aussi la participation citoyenne. Avec un r\u00e9sultat in\u00e9dit en Wallonie en la mati\u00e8re : notre ville est pass\u00e9e de 6 \u00e0 plus de 45 comit\u00e9s de quartier pour 13500 habitants! <\/p>\n<p>En octobre 2009, Olivier Saint-Amand est \u00e9lu D\u00e9put\u00e9 aux Parlements wallon (PW) et de la F\u00e9d\u00e9ration Wallonie-Bruxelles (PFWB). Il c\u00e8de le t\u00e9moin de son mandat d&#8217;\u00e9chevin \u00e0 Guy Devriese puisqu&#8217; ECOLO estime en effet qu\u2019il est inopportun de cumuler deux mandats pour lesquels on a \u00e9t\u00e9 \u00e9lu par la population. L&#8217;\u00e9chevinat des travaux, dans une commune comme Enghien, demande une pr\u00e9sence r\u00e9guli\u00e8re&#8230; Le travail parlementaire aussi. Difficile d\u00e8s lors de s&#8217;investir  correctement dans ces deux mandats en m\u00eame temps&#8230;<\/p>\n<p>Au PFWB, Olivier si\u00e8ge dans la commission \u00ab \u00e9ducation \u00bb. Au PW, il si\u00e8ge dans la commission des \u00ab affaires int\u00e9rieures \u00bb, o\u00f9 il milite pour une plus grande d\u00e9mocratie dans les communes, notamment avec ouverture \u00e0 la participation citoyenne. Il est \u00e9galement suppl\u00e9ant dans la commission du ministre ECOLO, Philippe Henry (environnement, mobilit\u00e9 et am\u00e9nagement du territoire).<\/p>\n<p>Dans son emploi du temps, il r\u00e9serve aussi des moments privil\u00e9gi\u00e9s pour l\u2019\u00e9coute et la rencontre des acteurs de terrain. Il se met donc \u00e0 la disposition des militants ECOLO, des associations, des entreprises et des simples citoyens qui souhaitent lui faire part de leurs pr\u00e9occupations. <\/p>\n<p>En 2012, ECOLO progresse encore \u00e0 Enghien. Ils passent \u00e0 6 conseillers communaux et Olivier devient Bourgmestre de la Ville avec comme partenaires le MR et le PS. Tr\u00e8s vite, un accord intervient sur les priorit\u00e9s \u00e0 mettre en place pour la l\u00e9gislature. Au programme, accro\u00eetre la convivialit\u00e9 et la s\u00e9curit\u00e9 en ville et dans les villages, travailler \u00e0 l&#8217;attractivit\u00e9 et au dynamisme de notre cit\u00e9, organiser au mieux la mobilit\u00e9, privil\u00e9gier le commerce de proximit\u00e9, faire d&#8217;Enghien une ville o\u00f9 chacun trouve sa place et se sente bien.<\/p>\n","protected":false},"excerpt":{"rendered":"<p>En octobre 2012, les Enghiennois ont largement pl\u00e9biscit\u00e9 ECOLO ce qui a permis \u00e0 Olivier Saint-Amand d&#8217;endosser le costume du Bourgmestre de notre ville.<\/p>\n","protected":false},"author":643,"featured_media":145,"comment_status":"closed","ping_status":"open","sticky":false,"template":"","format":"standard","meta":{"_acf_changed":false,"_et_pb_use_builder":"","_et_pb_old_content":"","_et_gb_content_width":"","footnotes":""},"categories":[6],"tags":[],"class_list":["post-147","post","type-post","status-publish","format-standard","has-post-thumbnail","hentry","category-ecolo-enghien"],"acf":[],"_links":{"self":[{"href":"https:\/\/enghien.ecolo.be\/nl\/wp-json\/wp\/v2\/posts\/147","targetHints":{"allow":["GET"]}}],"collection":[{"href":"https:\/\/enghien.ecolo.be\/nl\/wp-json\/wp\/v2\/posts"}],"about":[{"href":"https:\/\/enghien.ecolo.be\/nl\/wp-json\/wp\/v2\/types\/post"}],"author":[{"embeddable":true,"href":"https:\/\/enghien.ecolo.be\/nl\/wp-json\/wp\/v2\/users\/643"}],"replies":[{"embeddable":true,"href":"https:\/\/enghien.ecolo.be\/nl\/wp-json\/wp\/v2\/comments?post=147"}],"version-history":[{"count":1,"href":"https:\/\/enghien.ecolo.be\/nl\/wp-json\/wp\/v2\/posts\/147\/revisions"}],"predecessor-version":[{"id":691,"href":"https:\/\/enghien.ecolo.be\/nl\/wp-json\/wp\/v2\/posts\/147\/revisions\/691"}],"wp:featuredmedia":[{"embeddable":true,"href":"https:\/\/enghien.ecolo.be\/nl\/wp-json\/wp\/v2\/media\/145"}],"wp:attachment":[{"href":"https:\/\/enghien.ecolo.be\/nl\/wp-json\/wp\/v2\/media?parent=147"}],"wp:term":[{"taxonomy":"category","embeddable":true,"href":"https:\/\/enghien.ecolo.be\/nl\/wp-json\/wp\/v2\/categories?post=147"},{"taxonomy":"post_tag","embeddable":true,"href":"https:\/\/enghien.ecolo.be\/nl\/wp-json\/wp\/v2\/tags?post=147"}],"curies":[{"name":"wp","href":"https:\/\/api.w.org\/{rel}","templated":true}]}}