{"id":144,"date":"2012-01-28T18:12:44","date_gmt":"2012-01-28T17:12:44","guid":{"rendered":"http:\/\/enghien.ecolo.me\/2012\/01\/28\/guy-devriese\/"},"modified":"2016-12-16T07:34:16","modified_gmt":"2016-12-16T06:34:16","slug":"guy-devriese","status":"publish","type":"post","link":"https:\/\/enghien.ecolo.be\/nl\/2012\/01\/28\/guy-devriese\/","title":{"rendered":"Guy Devriese, Echevin des Travaux, de la Mobilit\u00e9 et de l&#8217;Environnement"},"content":{"rendered":"<p class=\"post_excerpt\">Passation de t\u00e9moin et rel\u00e8ve de qualit\u00e9 assur\u00e9e !<\/p>\n<p><!--more--><br \/>\n<img loading=\"lazy\" decoding=\"async\" class=\" alignleft size-full wp-image-143\" src=\"http:\/\/enghien.ecolo.me\/wp-content\/uploads\/sites\/462\/2012\/01\/jpg_guy_devries.jpg\" alt=\"guy_devries.jpg\" align=\"left\" width=\"174\" height=\"176\" \/><br \/>\nC&#8217;est apr\u00e8s m\u00fbre r\u00e9flexion que <b>Guy Devriese<\/b> a accept\u00e9 de relever un challenge de taille : succ\u00e9der \u00e0 Olivier Saint-Amand en tant qu&#8217;\u00e9chevin !<\/p>\n<p>Guy est professeur \u00e0 l\u2019Institut Arthur Haulot de Bruxelles. Il y donne des cours d\u2019\u00e9cologie, d\u2019\u00e9cotourisme et m\u00eame d\u2019\u0153nologie\u2026 Pour exercer son nouveau mandat, il a r\u00e9duit son horaire de cours afin de se rendre totalement disponible \u00e0 raison de 3 \u00e0 4 jours par semaine.<\/p>\n<p>Son bapt\u00eame du feu \u00e0 sans aucun doute \u00e9t\u00e9 r\u00e9alis\u00e9 lors de la p\u00e9riode de gel prolong\u00e9e o\u00f9 il a d\u00fb d\u00e9ployer toutes ses ressources en mati\u00e8res d\u2019organisation et de cr\u00e9ativit\u00e9 pour faire assurer le salage et le d\u00e9neigement des routes alors que les ressources en sel de toutes les communes ont rapidement \u00e9t\u00e9 \u00e9puis\u00e9es.<\/p>\n<p>Les diff\u00e9rentes comp\u00e9tences de Guy sont les travaux publics et les cimeti\u00e8res, l&#8217;environnement et l&#8217;agriculture,<br \/>\nla mobilit\u00e9 et les transports, le d\u00e9veloppement durable et l&#8217;\u00e9nergie.<\/p>\n","protected":false},"excerpt":{"rendered":"<p>Passation de t\u00e9moin et rel\u00e8ve de qualit\u00e9 assur\u00e9e !<\/p>\n","protected":false},"author":643,"featured_media":143,"comment_status":"closed","ping_status":"open","sticky":false,"template":"","format":"standard","meta":{"_acf_changed":false,"_et_pb_use_builder":"","_et_pb_old_content":"","_et_gb_content_width":"","footnotes":""},"categories":[6],"tags":[],"class_list":["post-144","post","type-post","status-publish","format-standard","has-post-thumbnail","hentry","category-ecolo-enghien"],"acf":[],"_links":{"self":[{"href":"https:\/\/enghien.ecolo.be\/nl\/wp-json\/wp\/v2\/posts\/144","targetHints":{"allow":["GET"]}}],"collection":[{"href":"https:\/\/enghien.ecolo.be\/nl\/wp-json\/wp\/v2\/posts"}],"about":[{"href":"https:\/\/enghien.ecolo.be\/nl\/wp-json\/wp\/v2\/types\/post"}],"author":[{"embeddable":true,"href":"https:\/\/enghien.ecolo.be\/nl\/wp-json\/wp\/v2\/users\/643"}],"replies":[{"embeddable":true,"href":"https:\/\/enghien.ecolo.be\/nl\/wp-json\/wp\/v2\/comments?post=144"}],"version-history":[{"count":1,"href":"https:\/\/enghien.ecolo.be\/nl\/wp-json\/wp\/v2\/posts\/144\/revisions"}],"predecessor-version":[{"id":751,"href":"https:\/\/enghien.ecolo.be\/nl\/wp-json\/wp\/v2\/posts\/144\/revisions\/751"}],"wp:featuredmedia":[{"embeddable":true,"href":"https:\/\/enghien.ecolo.be\/nl\/wp-json\/wp\/v2\/media\/143"}],"wp:attachment":[{"href":"https:\/\/enghien.ecolo.be\/nl\/wp-json\/wp\/v2\/media?parent=144"}],"wp:term":[{"taxonomy":"category","embeddable":true,"href":"https:\/\/enghien.ecolo.be\/nl\/wp-json\/wp\/v2\/categories?post=144"},{"taxonomy":"post_tag","embeddable":true,"href":"https:\/\/enghien.ecolo.be\/nl\/wp-json\/wp\/v2\/tags?post=144"}],"curies":[{"name":"wp","href":"https:\/\/api.w.org\/{rel}","templated":true}]}}