{"id":1234,"date":"2017-10-12T12:18:07","date_gmt":"2017-10-12T10:18:07","guid":{"rendered":"https:\/\/enghien2024.ecolo.me\/?p=1234"},"modified":"2017-11-01T13:04:03","modified_gmt":"2017-11-01T12:04:03","slug":"fetes-de-la-musique-du-jumelage-et-des-aines-100-de-convivialite","status":"publish","type":"post","link":"https:\/\/enghien.ecolo.be\/nl\/2017\/10\/12\/fetes-de-la-musique-du-jumelage-et-des-aines-100-de-convivialite\/","title":{"rendered":"F\u00eates de la musique, du jumelage et des a\u00een\u00e9s\u00a0: 100% de convivialit\u00e9"},"content":{"rendered":"<p><em>(Nederlandse tekst onderaan) <\/em><\/p>\n<p><strong>L\u2019objectif d\u2019ECOLO et de la majorit\u00e9 pour cette l\u00e9gislature \u00e9tait de rendre \u00e0 Enghien son esprit de f\u00eate, d\u2019accueil et de convivialit\u00e9. Les nombreuses activit\u00e9s et le succ\u00e8s qu\u2019elles rencontrent aupr\u00e8s de publics diversifi\u00e9s d\u00e9montrent que cet objectif est atteint. Enghien n\u2019est plus la ville morte, la cit\u00e9 dortoir que l\u2019on a connu un moment mais bien une commune fi\u00e8re et dynamique o\u00f9 il y a toujours une bonne occasion de faire la f\u00eate et de partager un moment de convivialit\u00e9.<br \/>\n<\/strong><\/p>\n<p><strong>60 ans de jumelage<\/strong><br \/>\nLes liens avec la commune fran\u00e7aise d&#8217;Enghien-les-Bains perdurent depuis 60 ans. Le Maire et le Bourgmestre ont appos\u00e9 leur signature au bas d&#8217;une charte qui renouvelle l&#8217;amiti\u00e9 et engage les autorit\u00e9 et habitants \u00e0 poursuivre des projets communs. Une f\u00eate a suivi cette c\u00e9r\u00e9monie officielle des signatures. Les quelques 200 amis fran\u00e7ais en visite chez nous ont tout sp\u00e9cialement soulign\u00e9 la qualit\u00e9 de notre accueil et l&#8217;esprit de convivialit\u00e9 qui r\u00e8gne dans notre commune. Un groupe de danseur de la ville roumaine de Satulung \u00e9tait \u00e9galement associ\u00e9s aux festivit\u00e9s. Ses prestations ont \u00e9t\u00e9 fortement appr\u00e9ci\u00e9es. Merci aux organisateurs et longue vie aux amiti\u00e9s qui renforcent l&#8217;unit\u00e9 europ\u00e9enne.<\/p>\n<p><strong>F\u00eate des jubilaires<\/strong><br \/>\n54 couples f\u00eataient cette ann\u00e9es leurs 50, 60, 65 ou 70 ann\u00e9es de mariage. Apr\u00e8s avoir re\u00e7u une visite des autorit\u00e9s communales \u00e0 leur domicile, ces couples ont \u00e9t\u00e9 invit\u00e9s, avec leurs familles, \u00e0 une r\u00e9ception festive organis\u00e9e en la salle des Acacias. Les jubilaires ont unanimement soulign\u00e9 le c\u00f4t\u00e9 convivial de cette c\u00e9r\u00e9monie au cours de laquelle ils ont \u00e9t\u00e9 mis \u00e0 l&#8217;honneur.<\/p>\n<p><strong>F\u00eate nationale et Enghien en musique<\/strong><br \/>\nLa f\u00eate ne se passe pas uniquement dans le parc&#8230; Des activit\u00e9s sont \u00e9galement organis\u00e9es gratuitement dans les rues de la ville. Ainsi, le 20 juillet, avant le traditionnel feu d&#8217;artifice de la F\u00eate nationale, 6 \u00e9tablissements ont accueilli des groupes de musique avec le soutien de la Ville. Les Enghiennois\u00b7es \u00e9taient invit\u00e9\u00b7e\u00b7s \u00e0 circuler librement entre ces lieux de concert, au gr\u00e9 de leurs go\u00fbts musicaux. De m\u00eame, le 2 septembre, ce sont les six caf\u00e9s de la place du Vieux March\u00e9 et du plateau de la gare qui ont accueilli un \u00e9v\u00e9nement similaire, &#8220;Enghien en musique&#8221;. Esprit de f\u00eate et de convivialit\u00e9 toujours !<\/p>\n<p><strong>F\u00eate des a\u00een\u00e9s<\/strong><br \/>\nLe 11 octobre, 400 a\u00een\u00e9s se sont retrouv\u00e9s \u00e0 la salle des Acacias pour un go\u00fbter et une apr\u00e8s-midi festive. L&#8217;animation musicale a \u00e9t\u00e9 confi\u00e9e \u00e0 Freddy Durant qui a une nouvelle fois enthousiasm\u00e9 son public et r\u00e9ussi \u00e0 faire danser un grand nombre de seniors. Une cinquantaine de pensionnaires de la maison de repos avait fait le d\u00e9placement gr\u00e2ce au concours pr\u00e9cieux du personnel et des b\u00e9n\u00e9voles de l&#8217;institution. Apr\u00e8s-midi festive et conviviale tr\u00e8s appr\u00e9ci\u00e9e par ses participants !<\/p>\n<p><strong>Des terrasses<\/strong><br \/>\nLes belles journ\u00e9es ensoleill\u00e9es du printemps, de l&#8217;\u00e9t\u00e9 et m\u00eame de l&#8217;automne ont \u00e9t\u00e9 des occasions propices pour boire un verre en terrasse. Gr\u00e2ce au dynamisme des commer\u00e7ants et avec le soutien de la Ville, les endroits o\u00f9 l&#8217;on peut \u00e0 pr\u00e9sent prendre du bon temps en terrasse se sont multipli\u00e9s. La Ville avait montr\u00e9 l&#8217;exemple avec une vaste terrasse en face de l&#8217;\u00e9glise d&#8217;Enghien. Dans la foul\u00e9e, 5 \u00e9tablissements ont am\u00e9nag\u00e9 ou r\u00e9nov\u00e9 un espace ext\u00e9rieur de qualit\u00e9 pour leurs clients, tant \u00e0 la Grand Place qu&#8217;au plateau de la gare. Merci et bravo \u00e0 eux !<\/p>\n<p>&nbsp;<\/p>\n<p>&nbsp;<\/p>\n<p>&nbsp;<\/p>\n<p>&nbsp;<\/p>\n<p><strong><u>Muziekfestivals, verbroederingen en seniorenfestivals: 100% gezelligheid\u00a0<\/u><\/strong><\/p>\n<p><strong>De doelstellingen van ECOLO en de meerderheidspartijen van deze legislatuur was om Edingen zijn geest van feesten, van gastvrijheid en van gezelligheid terug te geven. De talrijke activiteiten en het succes dat zij bij een breed publiek hebben behaald, tonen aan dat dit doel is bereikt. Edingen is niet langer de dode stad, de slaapstad die we even hebben gekend, maar een trotse en dynamische gemeente waar er altijd een goede gelegenheid is om een moment van gezelligheid te vieren en te delen.<\/strong><\/p>\n<p>&nbsp;<\/p>\n<p><strong>60 jaar verbroedering.<\/strong><\/p>\n<p>De banden met de Franse gemeente Enghien-les-Bains worden al 60 jaar onderhouden. Beide burgemeesters hebben een handvest ondertekend dat de vriendschap nieuw leven inblaast en de autoriteiten en bewoners engageert om gemeenschappelijke projecten na te streven. De offici\u00eble ondertekeningsceremonie werd gevolgd door een feest. De 200 Franse vrienden die ons bezochten hebben, onderstreepten vooral de kwaliteit van onze ontvangst en de gezelligheid van onze gemeente. Een groep dansers uit de Roemeense stad Satulung werd ook gekoppeld aan de festiviteiten. Hun prestatie werd zeer gewaardeerd. Dank aan de organisatoren en leve de vriendschappen die de Europese eenheid versterken.<\/p>\n<p>&nbsp;<\/p>\n<p><strong>Jubileumviering<\/strong><\/p>\n<p>54 koppels vierden dit jaar 50, 60, 65 of 70 jaar huwelijk. Na een bezoek door de gemeentelijke autoriteiten bij hun huis werden deze paren en hun gezinnen uitgenodigd voor een feestelijke receptie in de zaal der Acacia\u2019s. De jubilarissen onderstreepten unaniem de gezelligheid van deze ceremonie waarin ze werden ge\u00eberd.<\/p>\n<p>&nbsp;<\/p>\n<p><strong>Nationale Feestdag en Edingen in muziek<\/strong><\/p>\n<p>Het feest wordt niet alleen in het park gehouden&#8230;. Activiteiten worden ook gratis georganiseerd in de straten van de stad. Op 20 juli, voorafgaand aan het traditionele vuurwerk op de Nationale Feestdag, ontvingen 6 etablissementen muziekgroepen met steun van de Stad. De Edingenaars werden uitgenodigd om zich vrij te bewegen tussen deze concertpodia, volgens hun muzikale voorkeuren. Ook op 2 september hebben zes caf\u00e9s op het plein van de Oude Markt en het plateau van het station een gelijkaardig evenement georganiseerd, &#8220;Edingen in muziek&#8221;. Feest-spirit en gezelligheid troef!<\/p>\n<p>&nbsp;<\/p>\n<p><strong>Seniorendag<\/strong><\/p>\n<p>Op 11 oktober kwamen 400 senioren samen in de zaal der Acacia\u2019s voor een hapje en een feestelijke middag. De muzikale animatie werd toevertrouwd aan Freddy Durant, die zijn publiek opnieuw enthousiast maakte en een groot aantal senioren wist te laten dansen. Ongeveer vijftig bewoners van het rusthuis hadden de reis gemaakt, dankzij de onschatbare hulp van het personeel en vrijwilligers van de instelling. Een door de deelnemers zeer gewaardeerde feestelijke en gezellige namiddag!<\/p>\n<p>&nbsp;<\/p>\n<p><strong>Terrassen<\/strong><\/p>\n<p>De mooie zonnige dagen van de lente, zomer en zelfs herfst waren mooie gelegenheden om een drankje te nuttigen op een terras. Dankzij de dynamiek van de kooplieden en met de steun van de Stad zijn de plaatsen waar je nu op het terras een goede tijd kunt doorbrengen toegenomen. De Stad had een voorbeeld gesteld met een groot terras voor de kerk van Edingen. Daaropvolgend hebben 5 vestigingen voor hun klanten een kwaliteitsvolle buitenruimte gecre\u00eberd of gerenoveerd, zowel op de Grote Markt als op het plateau van het station. Bedankt en gefeliciteerd!<\/p>\n","protected":false},"excerpt":{"rendered":"<p>(Nederlandse tekst onderaan) L\u2019objectif d\u2019ECOLO et de la majorit\u00e9 pour cette l\u00e9gislature \u00e9tait de rendre \u00e0 Enghien son esprit de f\u00eate, d\u2019accueil et de convivialit\u00e9. Les nombreuses activit\u00e9s et le succ\u00e8s qu\u2019elles rencontrent aupr\u00e8s de publics diversifi\u00e9s d\u00e9montrent que cet objectif est atteint. Enghien n\u2019est plus la ville morte, la cit\u00e9 dortoir que l\u2019on a &hellip;<\/p>\n","protected":false},"author":643,"featured_media":1258,"comment_status":"open","ping_status":"open","sticky":false,"template":"","format":"standard","meta":{"_acf_changed":false,"_et_pb_use_builder":"","_et_pb_old_content":"","_et_gb_content_width":"","footnotes":""},"categories":[4,11,13],"tags":[],"class_list":["post-1234","post","type-post","status-publish","format-standard","has-post-thumbnail","hentry","category-actualites","category-culture","category-social"],"acf":[],"_links":{"self":[{"href":"https:\/\/enghien.ecolo.be\/nl\/wp-json\/wp\/v2\/posts\/1234","targetHints":{"allow":["GET"]}}],"collection":[{"href":"https:\/\/enghien.ecolo.be\/nl\/wp-json\/wp\/v2\/posts"}],"about":[{"href":"https:\/\/enghien.ecolo.be\/nl\/wp-json\/wp\/v2\/types\/post"}],"author":[{"embeddable":true,"href":"https:\/\/enghien.ecolo.be\/nl\/wp-json\/wp\/v2\/users\/643"}],"replies":[{"embeddable":true,"href":"https:\/\/enghien.ecolo.be\/nl\/wp-json\/wp\/v2\/comments?post=1234"}],"version-history":[{"count":6,"href":"https:\/\/enghien.ecolo.be\/nl\/wp-json\/wp\/v2\/posts\/1234\/revisions"}],"predecessor-version":[{"id":1312,"href":"https:\/\/enghien.ecolo.be\/nl\/wp-json\/wp\/v2\/posts\/1234\/revisions\/1312"}],"wp:featuredmedia":[{"embeddable":true,"href":"https:\/\/enghien.ecolo.be\/nl\/wp-json\/wp\/v2\/media\/1258"}],"wp:attachment":[{"href":"https:\/\/enghien.ecolo.be\/nl\/wp-json\/wp\/v2\/media?parent=1234"}],"wp:term":[{"taxonomy":"category","embeddable":true,"href":"https:\/\/enghien.ecolo.be\/nl\/wp-json\/wp\/v2\/categories?post=1234"},{"taxonomy":"post_tag","embeddable":true,"href":"https:\/\/enghien.ecolo.be\/nl\/wp-json\/wp\/v2\/tags?post=1234"}],"curies":[{"name":"wp","href":"https:\/\/api.w.org\/{rel}","templated":true}]}}